{"id":288836,"date":"2025-04-14T08:51:17","date_gmt":"2025-04-14T08:51:17","guid":{"rendered":"https:\/\/greenleaderslatam.com\/?p=288836"},"modified":"2025-07-24T15:55:53","modified_gmt":"2025-07-24T15:55:53","slug":"kick-off-meeting-en-valencia","status":"publish","type":"post","link":"https:\/\/greenleaderslatam.com\/es\/kick-off-meeting-en-valencia\/","title":{"rendered":"El Kick-off meeting en Valencia"},"content":{"rendered":"<p><strong>Valencia, 26 de marzo de 2025<\/strong> \u2013 Del 10 al 14 de marzo, la <strong>La Universitat Polit\u00e8cnica de Val\u00e8ncia (UPV)<\/strong> acogi\u00f3 la <strong>reuni\u00f3n de lanzamiento (<\/strong><strong><em>El Kick-Off Meeting<\/em><\/strong><strong>)<\/strong> del proyecto europeo <em>Liderazgo estrat\u00e9gico en el Negocio Verde<\/em>, una iniciativa internacional que busca formar l\u00edderes en negocios sostenibles a trav\u00e9s de un modelo educativo innovador y digital.<\/p>\n\n\n\n<p>Este encuentro marc\u00f3 el inicio oficial del proyecto, reuniendo un socios de seis pa\u00edses para definir los objetivos estrat\u00e9gicos, establecer el cronograma de actividades y fortalecer la colaboraci\u00f3n entre las instituciones participantes.<\/p>\n\n\n\n<h2 class=\"wp-block-heading\"><strong>La onu consorcio internacional comprometido con la sostenibilidad y la educaci\u00f3n<\/strong><\/h2>\n\n\n\n<p>SLGB, iniciado en noviembre de 2024 y con una duraci\u00f3n de 24 meses, cuenta con un consorcio de <strong>11 instituciones acad\u00e9micas y organizaciones de 6 pa\u00edses<\/strong>, incluyendo universidades, centros de investigaci\u00f3n y asociaciones especializadas en educaci\u00f3n y sostenibilidad.<\/p>\n\n\n\n<h3 class=\"wp-block-heading\"><strong>Participantes en la reuni\u00f3n de lanzamiento<\/strong><\/h3>\n\n\n\n<p>A la reuni\u00f3n asistieron representantes de todas las instituciones socias, incluyendo investigadores, docentes, expertos en emprendimiento sostenible y responsables de gesti\u00f3n del proyecto.<\/p>\n\n\n\n<ul class=\"wp-block-list\">\n<li><strong>Espa\u00f1a<\/strong>\n<ul class=\"wp-block-list\">\n<li><strong>La Universitat Polit\u00e8cnica de Val\u00e8ncia (UPV):<\/strong> Alberto Conejero, Alejandro Vignoni, Israel Griol Barres, Lorena Pedr\u00f3s Cayo y Alexandra Lucas del Rosal (Ideas UPV), en su rol de coordinadores y anfitriones.<\/li>\n\n\n\n<li><strong>Latam Conectar:<\/strong> Miguel Carrone.<\/li>\n\n\n\n<li><strong>Canussa De Laboratorio:<\/strong> Mar\u00eda Cano.<\/li>\n<\/ul>\n<\/li>\n\n\n\n<li><strong>Finlandia<\/strong>\n<ul class=\"wp-block-list\">\n<li><strong>Universidad de Vaasa (UVA):<\/strong> Khuram Shahzad, Juan Seiplax.<\/li>\n<\/ul>\n<\/li>\n\n\n\n<li><strong>Suecia<\/strong>\n<ul class=\"wp-block-list\">\n<li><strong>Halmstad Universidad (HH):<\/strong> Deycy S\u00e1nchez, Magnus Holm\u00e9n, Maya Hoveskog.<\/li>\n<\/ul>\n<\/li>\n\n\n\n<li><strong>Colombia<\/strong>\n<ul class=\"wp-block-list\">\n<li><strong>Universidad De La Costa (CUC):<\/strong> Liney Manjarr\u00e9s Henr\u00edquez, Odette Chams Anturi, Laura Henr\u00edquez Calvo.<\/li>\n\n\n\n<li><strong>Universidad Nacional Abierta y a Distancia (UNAD):<\/strong> Sixto Enrique Campa\u00f1a Bastidas, Roberto Mauricio C\u00e1rdenas.<\/li>\n<\/ul>\n<\/li>\n\n\n\n<li><strong>Ecuador<\/strong>\n<ul class=\"wp-block-list\">\n<li><strong>Universidad Estatal de Bol\u00edvar (UEB):<\/strong> Carlos Ribadeneira.<\/li>\n\n\n\n<li><strong>Universidad Polit\u00e9cnica Estatal del Carchi (UPEC):<\/strong> Orlando Meneses Quelal.<\/li>\n<\/ul>\n<\/li>\n\n\n\n<li><strong>Argentina<\/strong>\n<ul class=\"wp-block-list\">\n<li><strong>La Universidad Nacional de San Mart\u00edn (UNSAM):<\/strong> Lovisa Ericsson, Vera Mignaqui.<\/li>\n\n\n\n<li><strong>Universidad Nacional del Sur (UNS):<\/strong> Alejandra D\u00edez.<\/li>\n\n\n\n<li><strong>Caliente De Argentina Asociaci\u00f3n Civil:<\/strong> Facundo Manzi, Tom\u00e1s Marsal.<\/li>\n<\/ul>\n<\/li>\n<\/ul>\n\n\n\n<h2 class=\"wp-block-heading\"><strong>Resumen de la agenda de trabajo<\/strong><\/h2>\n\n\n\n<p>Durante cinco d\u00edas, los participantes desarrollaron un programa de trabajo intenso, que incluy\u00f3 sesiones plenarias, mesas de debate, formaci\u00f3n especializada y visitas t\u00e9cnicas.<\/p>\n\n\n\n<p>Entre los temas clave abordados se encuentran:<\/p>\n\n\n\n<ul class=\"wp-block-list\">\n<li><strong>Definici\u00f3n de la propuesta educativa<\/strong>: metodolog\u00eda de ense\u00f1anza, gamificaci\u00f3n y formaci\u00f3n digital.<\/li>\n\n\n\n<li><strong>Generaci\u00f3n de contenidos pedag\u00f3gicos<\/strong> y estructuraci\u00f3n de los m\u00f3dulos formativos.<\/li>\n\n\n\n<li><strong>Estrategias para la captaci\u00f3n de estudiantes<\/strong> en Colombia, Ecuador y Argentina.<\/li>\n\n\n\n<li><strong>Formaci\u00f3n especializada:<\/strong> Israel Griol imparti\u00f3 la sesi\u00f3n <em>C\u00f3mo medir y aplicar impacto del clima en Startups y Empresas<\/em>la onu aspecto clave del proyecto.<\/li>\n<\/ul>\n\n\n\n<p>Adem\u00e1s, el programa incluy\u00f3 visitas al <strong>ecosistema emprendedor de Valencia<\/strong>, organizadas por <strong>Latam Conectar y Canussa de Laboratorio<\/strong>, con encuentros en <strong>la Harinera y el Inicio de Valencia, adem\u00e1s visitamos la sede de Lanzadera<\/strong>: aceleradora de empresas de referencia en Espa\u00f1a e <strong>Innsomnia<\/strong>: hub de innovaci\u00f3n en tecnolog\u00eda y sostenibilidad.<\/p>\n\n\n\n<h2 class=\"wp-block-heading\"><strong>Un compromiso que trasciende el proyecto: el Manifiesto de Liderazgo Estrat\u00e9gico en el Negocio Verde<\/strong><\/h2>\n\n\n\n<p>Como parte del encuentro, los socios firmaron el <strong>Manifiesto de Liderazgo Estrat\u00e9gico en el Negocio Verde<\/strong>, donde asumieron compromisos clave para el desarrollo de liderazgo en negocios sostenibles:<\/p>\n\n\n\n<p>\ud83d\udd39 <strong>Formar l\u00edderes transformadores<\/strong>: capacitando un profesionales capaces de integrar la sostenibilidad en la estrategia central de sus organizaciones.<br>\ud83d\udd39 <strong>Fomentar la cooperaci\u00f3n internacional<\/strong>: conectando talento, ideas y recursos entre Latinoam\u00e9rica y Europa.<br>\ud83d\udd39 <strong>Crear nuevos modelos de colaboraci\u00f3n<\/strong>: facilitando el di\u00e1logo entre empresas, gobiernos y ONGs para impulsar la econom\u00eda sostenible.<br>\ud83d\udd39 <strong>Ser un referente en educaci\u00f3n universitaria innovadora<\/strong>: promoviendo un programa acad\u00e9mico con impacto real en las comunidades.<br>\ud83d\udd39 <strong>Potenciar la innovaci\u00f3n y el emprendimiento de impacto<\/strong>: impulsando nuevas empresas sostenibles.<br>\ud83d\udd39 <strong>Impulsar la ciencia como motor de cambio<\/strong>: integrando perfiles cient\u00edficos y tecnol\u00f3gicos con enfoques sociales y econ\u00f3micos.<br>\ud83d\udd39 <strong>Transformar organizaciones p\u00fablicas y privadas en referentes de sostenibilidad<\/strong>: midiendo y mejorando el impacto ambiental y social.<br>\ud83d\udd39 <strong>Ser el motor del cambio en Latinoam\u00e9rica y Europa<\/strong>: conectando talento para la acci\u00f3n clim\u00e1tica.<\/p>\n\n\n\n<p>&#034;Nos comprometemos una crear una generaci\u00f3n de empresas emergentes con prop\u00f3sito, una de actuar con responsabilidad y a inspirar un otros para que juntos construyamos un mundo donde la econom\u00eda y la sostenibilidad vayan de la mano&#034;.<\/p>\n\n\n\n<h2 class=\"wp-block-heading\"><strong>Un proyecto educativo innovador para el futuro del emprendimiento sostenible<\/strong><\/h2>\n\n\n\n<p>SLGB busca ofrecer una <strong>formaci\u00f3n \u00fanica para el desarrollo de liderazgo en negocios sustentables<\/strong>. Su modelo educativo digital incluir\u00e1 gamificaci\u00f3n y aprendizaje basado en retos reales, con el objetivo de fomentar la innovaci\u00f3n en productos y procesos alineados con la sostenibilidad.<\/p>\n\n\n\n<p>En su segundo a\u00f1o de ejecuci\u00f3n, el proyecto abrir\u00e1 inscripciones en <strong>Colombia, Ecuador y Argentina<\/strong>, ofreciendo <strong>180 plazas gratuitas (60 por pa\u00eds)<\/strong> para la primera cohorte de estudiantes.<\/p>\n\n\n\n<p>El programa culminar\u00e1 con la onu <strong>Hackathon<\/strong>, en el cual los 180 alumnos trabajar\u00e1n en retos propuestos por empresas reales. La onu jurado de expertos elegir\u00e1 los mejores proyectos, que <strong>viajar\u00e1n a un Valencia en octubre de 2026<\/strong>. All\u00ed, los finalistas tendr\u00e1n acceso a una agenda con los principales actores del ecosistema de emprendimiento valenciano, con el objetivo de transformar estos proyectos en empresas que solucionen problemas relacionados con la sostenibilidad<\/p>\n\n\n\n<p>Este proyecto de sobretensi\u00f3n como respuesta a la creciente demanda de profesionales con visi\u00f3n sist\u00e9mica y compromiso ambiental en la econom\u00eda global. A trav\u00e9s de <strong>Liderazgo estrat\u00e9gico en el Negocio Verde<\/strong>, las universidades y centros de innovaci\u00f3n se unen para construir un futuro m\u00e1s sostenible.<\/p>\n\n\n\n<p>\ud83d\udce9 <strong>Para conocer novedades sobre el proyecto, visita nuestra web: <\/strong><a href=\"https:\/\/greenleaderslatam.com\/\"><strong>https:\/\/greenleaderslatam.com\/<\/strong><\/a><strong> y suscr\u00edbete a nuestra newsletter <\/strong><a href=\"https:\/\/forms.gle\/iyt1mH5FR4C2uHjH6\">https:\/\/forms.gle\/iyt1mH5FR4C2uHjH6<\/a><\/p>","protected":false},"excerpt":{"rendered":"<p>Valencia, 26 de marzo de 2025 \u2013 Del 10 al 14 de marzo, la Universitat Polit\u00e8cnica de Val\u00e8ncia (UPV) acogi\u00f3 la reuni\u00f3n de lanzamiento (Kick-Off Meeting) del proyecto europeo Strategic Leadership in Green Business, una iniciativa internacional que busca formar l\u00edderes en negocios sostenibles a trav\u00e9s de un modelo educativo innovador y digital. Este encuentro [&hellip;]<\/p>\n","protected":false},"author":2,"featured_media":288797,"comment_status":"open","ping_status":"open","sticky":false,"template":"","format":"standard","meta":{"_et_pb_use_builder":"off","_et_pb_old_content":"","_et_gb_content_width":"","footnotes":""},"categories":[17],"tags":[],"class_list":["post-288836","post","type-post","status-publish","format-standard","has-post-thumbnail","hentry","category-newsletter"],"_links":{"self":[{"href":"https:\/\/greenleaderslatam.com\/es\/wp-json\/wp\/v2\/posts\/288836","targetHints":{"allow":["GET"]}}],"collection":[{"href":"https:\/\/greenleaderslatam.com\/es\/wp-json\/wp\/v2\/posts"}],"about":[{"href":"https:\/\/greenleaderslatam.com\/es\/wp-json\/wp\/v2\/types\/post"}],"author":[{"embeddable":true,"href":"https:\/\/greenleaderslatam.com\/es\/wp-json\/wp\/v2\/users\/2"}],"replies":[{"embeddable":true,"href":"https:\/\/greenleaderslatam.com\/es\/wp-json\/wp\/v2\/comments?post=288836"}],"version-history":[{"count":2,"href":"https:\/\/greenleaderslatam.com\/es\/wp-json\/wp\/v2\/posts\/288836\/revisions"}],"predecessor-version":[{"id":289062,"href":"https:\/\/greenleaderslatam.com\/es\/wp-json\/wp\/v2\/posts\/288836\/revisions\/289062"}],"wp:featuredmedia":[{"embeddable":true,"href":"https:\/\/greenleaderslatam.com\/es\/wp-json\/wp\/v2\/media\/288797"}],"wp:attachment":[{"href":"https:\/\/greenleaderslatam.com\/es\/wp-json\/wp\/v2\/media?parent=288836"}],"wp:term":[{"taxonomy":"category","embeddable":true,"href":"https:\/\/greenleaderslatam.com\/es\/wp-json\/wp\/v2\/categories?post=288836"},{"taxonomy":"post_tag","embeddable":true,"href":"https:\/\/greenleaderslatam.com\/es\/wp-json\/wp\/v2\/tags?post=288836"}],"curies":[{"name":"wp","href":"https:\/\/api.w.org\/{rel}","templated":true}]}}